{"id":7901,"date":"2026-03-08T21:50:13","date_gmt":"2026-03-08T20:50:13","guid":{"rendered":"https:\/\/museksschoulhesper.lu\/2026\/03\/08\/retrospective-remise-de-diplomes\/"},"modified":"2026-03-08T21:50:35","modified_gmt":"2026-03-08T20:50:35","slug":"retrospective-remise-de-diplomes","status":"publish","type":"post","link":"https:\/\/museksschoulhesper.lu\/fr\/2026\/03\/08\/retrospective-remise-de-diplomes\/","title":{"rendered":"Retrospective &#8211;  Remise de dipl\u00f4mes"},"content":{"rendered":"<p><iframe loading=\"lazy\" title=\"Remise Diplom_2026\" src=\"https:\/\/player.vimeo.com\/video\/1171569523?dnt=1&amp;app_id=122963\" width=\"960\" height=\"540\" frameborder=\"0\" allow=\"autoplay; fullscreen; picture-in-picture; clipboard-write; encrypted-media; web-share\" referrerpolicy=\"strict-origin-when-cross-origin\"><\/iframe><\/p>\n","protected":false},"excerpt":{"rendered":"","protected":false},"author":2,"featured_media":0,"comment_status":"closed","ping_status":"open","sticky":false,"template":"","format":"video","meta":{"_et_pb_use_builder":"","_et_pb_old_content":"","_et_gb_content_width":"","footnotes":""},"categories":[9],"tags":[],"class_list":["post-7901","post","type-post","status-publish","format-video","hentry","category-non-classifiee","post_format-post-format-video"],"yoast_head":"<!-- This site is optimized with the Yoast SEO plugin v20.6 - https:\/\/yoast.com\/wordpress\/plugins\/seo\/ -->\n<title>Retrospective - Remise de dipl\u00f4mes - museksschoulhesper.lu<\/title>\n<meta name=\"robots\" content=\"index, follow, max-snippet:-1, max-image-preview:large, max-video-preview:-1\" \/>\n<link rel=\"canonical\" href=\"https:\/\/museksschoulhesper.lu\/fr\/2026\/03\/08\/retrospective-remise-de-diplomes\/\" \/>\n<meta property=\"og:locale\" content=\"fr_FR\" \/>\n<meta property=\"og:type\" content=\"article\" \/>\n<meta property=\"og:title\" content=\"Retrospective - Remise de dipl\u00f4mes - museksschoulhesper.lu\" \/>\n<meta property=\"og:url\" content=\"https:\/\/museksschoulhesper.lu\/fr\/2026\/03\/08\/retrospective-remise-de-diplomes\/\" \/>\n<meta property=\"og:site_name\" content=\"museksschoulhesper.lu\" \/>\n<meta property=\"article:published_time\" content=\"2026-03-08T20:50:13+00:00\" \/>\n<meta property=\"article:modified_time\" content=\"2026-03-08T20:50:35+00:00\" \/>\n<meta name=\"author\" content=\"Sven Kiefer\" \/>\n<meta name=\"twitter:card\" content=\"summary_large_image\" \/>\n<meta name=\"twitter:label1\" content=\"\u00c9crit par\" \/>\n\t<meta name=\"twitter:data1\" content=\"Sven Kiefer\" \/>\n\t<meta name=\"twitter:label2\" content=\"Dur\u00e9e de lecture estim\u00e9e\" \/>\n\t<meta name=\"twitter:data2\" content=\"1 minute\" \/>\n<script type=\"application\/ld+json\" class=\"yoast-schema-graph\">{\"@context\":\"https:\/\/schema.org\",\"@graph\":[{\"@type\":\"WebPage\",\"@id\":\"https:\/\/museksschoulhesper.lu\/fr\/2026\/03\/08\/retrospective-remise-de-diplomes\/\",\"url\":\"https:\/\/museksschoulhesper.lu\/fr\/2026\/03\/08\/retrospective-remise-de-diplomes\/\",\"name\":\"Retrospective - Remise de dipl\u00f4mes - museksschoulhesper.lu\",\"isPartOf\":{\"@id\":\"https:\/\/museksschoulhesper.lu\/#website\"},\"datePublished\":\"2026-03-08T20:50:13+00:00\",\"dateModified\":\"2026-03-08T20:50:35+00:00\",\"author\":{\"@id\":\"https:\/\/museksschoulhesper.lu\/#\/schema\/person\/5a3523e0b3ce3a624a797c4841839953\"},\"breadcrumb\":{\"@id\":\"https:\/\/museksschoulhesper.lu\/fr\/2026\/03\/08\/retrospective-remise-de-diplomes\/#breadcrumb\"},\"inLanguage\":\"fr-FR\",\"potentialAction\":[{\"@type\":\"ReadAction\",\"target\":[\"https:\/\/museksschoulhesper.lu\/fr\/2026\/03\/08\/retrospective-remise-de-diplomes\/\"]}]},{\"@type\":\"BreadcrumbList\",\"@id\":\"https:\/\/museksschoulhesper.lu\/fr\/2026\/03\/08\/retrospective-remise-de-diplomes\/#breadcrumb\",\"itemListElement\":[{\"@type\":\"ListItem\",\"position\":1,\"name\":\"Startseite\",\"item\":\"https:\/\/museksschoulhesper.lu\/fr\/\"},{\"@type\":\"ListItem\",\"position\":2,\"name\":\"Retrospective &#8211; Remise de dipl\u00f4mes\"}]},{\"@type\":\"WebSite\",\"@id\":\"https:\/\/museksschoulhesper.lu\/#website\",\"url\":\"https:\/\/museksschoulhesper.lu\/\",\"name\":\"museksschoulhesper.lu\",\"description\":\"\",\"potentialAction\":[{\"@type\":\"SearchAction\",\"target\":{\"@type\":\"EntryPoint\",\"urlTemplate\":\"https:\/\/museksschoulhesper.lu\/?s={search_term_string}\"},\"query-input\":\"required name=search_term_string\"}],\"inLanguage\":\"fr-FR\"},{\"@type\":\"Person\",\"@id\":\"https:\/\/museksschoulhesper.lu\/#\/schema\/person\/5a3523e0b3ce3a624a797c4841839953\",\"name\":\"Sven Kiefer\",\"image\":{\"@type\":\"ImageObject\",\"inLanguage\":\"fr-FR\",\"@id\":\"https:\/\/museksschoulhesper.lu\/#\/schema\/person\/image\/\",\"url\":\"https:\/\/secure.gravatar.com\/avatar\/1f3d3e098891dcb51826032caf9c88f4bf818ed7d631dd434c9d7623d5b1d789?s=96&d=mm&r=g\",\"contentUrl\":\"https:\/\/secure.gravatar.com\/avatar\/1f3d3e098891dcb51826032caf9c88f4bf818ed7d631dd434c9d7623d5b1d789?s=96&d=mm&r=g\",\"caption\":\"Sven Kiefer\"},\"url\":\"https:\/\/museksschoulhesper.lu\/fr\/author\/sven\/\"}]}<\/script>\n<!-- \/ Yoast SEO plugin. -->","yoast_head_json":{"title":"Retrospective - Remise de dipl\u00f4mes - museksschoulhesper.lu","robots":{"index":"index","follow":"follow","max-snippet":"max-snippet:-1","max-image-preview":"max-image-preview:large","max-video-preview":"max-video-preview:-1"},"canonical":"https:\/\/museksschoulhesper.lu\/fr\/2026\/03\/08\/retrospective-remise-de-diplomes\/","og_locale":"fr_FR","og_type":"article","og_title":"Retrospective - Remise de dipl\u00f4mes - museksschoulhesper.lu","og_url":"https:\/\/museksschoulhesper.lu\/fr\/2026\/03\/08\/retrospective-remise-de-diplomes\/","og_site_name":"museksschoulhesper.lu","article_published_time":"2026-03-08T20:50:13+00:00","article_modified_time":"2026-03-08T20:50:35+00:00","author":"Sven Kiefer","twitter_card":"summary_large_image","twitter_misc":{"\u00c9crit par":"Sven Kiefer","Dur\u00e9e de lecture estim\u00e9e":"1 minute"},"schema":{"@context":"https:\/\/schema.org","@graph":[{"@type":"WebPage","@id":"https:\/\/museksschoulhesper.lu\/fr\/2026\/03\/08\/retrospective-remise-de-diplomes\/","url":"https:\/\/museksschoulhesper.lu\/fr\/2026\/03\/08\/retrospective-remise-de-diplomes\/","name":"Retrospective - Remise de dipl\u00f4mes - museksschoulhesper.lu","isPartOf":{"@id":"https:\/\/museksschoulhesper.lu\/#website"},"datePublished":"2026-03-08T20:50:13+00:00","dateModified":"2026-03-08T20:50:35+00:00","author":{"@id":"https:\/\/museksschoulhesper.lu\/#\/schema\/person\/5a3523e0b3ce3a624a797c4841839953"},"breadcrumb":{"@id":"https:\/\/museksschoulhesper.lu\/fr\/2026\/03\/08\/retrospective-remise-de-diplomes\/#breadcrumb"},"inLanguage":"fr-FR","potentialAction":[{"@type":"ReadAction","target":["https:\/\/museksschoulhesper.lu\/fr\/2026\/03\/08\/retrospective-remise-de-diplomes\/"]}]},{"@type":"BreadcrumbList","@id":"https:\/\/museksschoulhesper.lu\/fr\/2026\/03\/08\/retrospective-remise-de-diplomes\/#breadcrumb","itemListElement":[{"@type":"ListItem","position":1,"name":"Startseite","item":"https:\/\/museksschoulhesper.lu\/fr\/"},{"@type":"ListItem","position":2,"name":"Retrospective &#8211; Remise de dipl\u00f4mes"}]},{"@type":"WebSite","@id":"https:\/\/museksschoulhesper.lu\/#website","url":"https:\/\/museksschoulhesper.lu\/","name":"museksschoulhesper.lu","description":"","potentialAction":[{"@type":"SearchAction","target":{"@type":"EntryPoint","urlTemplate":"https:\/\/museksschoulhesper.lu\/?s={search_term_string}"},"query-input":"required name=search_term_string"}],"inLanguage":"fr-FR"},{"@type":"Person","@id":"https:\/\/museksschoulhesper.lu\/#\/schema\/person\/5a3523e0b3ce3a624a797c4841839953","name":"Sven Kiefer","image":{"@type":"ImageObject","inLanguage":"fr-FR","@id":"https:\/\/museksschoulhesper.lu\/#\/schema\/person\/image\/","url":"https:\/\/secure.gravatar.com\/avatar\/1f3d3e098891dcb51826032caf9c88f4bf818ed7d631dd434c9d7623d5b1d789?s=96&d=mm&r=g","contentUrl":"https:\/\/secure.gravatar.com\/avatar\/1f3d3e098891dcb51826032caf9c88f4bf818ed7d631dd434c9d7623d5b1d789?s=96&d=mm&r=g","caption":"Sven Kiefer"},"url":"https:\/\/museksschoulhesper.lu\/fr\/author\/sven\/"}]}},"_links":{"self":[{"href":"https:\/\/museksschoulhesper.lu\/fr\/wp-json\/wp\/v2\/posts\/7901","targetHints":{"allow":["GET"]}}],"collection":[{"href":"https:\/\/museksschoulhesper.lu\/fr\/wp-json\/wp\/v2\/posts"}],"about":[{"href":"https:\/\/museksschoulhesper.lu\/fr\/wp-json\/wp\/v2\/types\/post"}],"author":[{"embeddable":true,"href":"https:\/\/museksschoulhesper.lu\/fr\/wp-json\/wp\/v2\/users\/2"}],"replies":[{"embeddable":true,"href":"https:\/\/museksschoulhesper.lu\/fr\/wp-json\/wp\/v2\/comments?post=7901"}],"version-history":[{"count":1,"href":"https:\/\/museksschoulhesper.lu\/fr\/wp-json\/wp\/v2\/posts\/7901\/revisions"}],"predecessor-version":[{"id":7905,"href":"https:\/\/museksschoulhesper.lu\/fr\/wp-json\/wp\/v2\/posts\/7901\/revisions\/7905"}],"wp:attachment":[{"href":"https:\/\/museksschoulhesper.lu\/fr\/wp-json\/wp\/v2\/media?parent=7901"}],"wp:term":[{"taxonomy":"category","embeddable":true,"href":"https:\/\/museksschoulhesper.lu\/fr\/wp-json\/wp\/v2\/categories?post=7901"},{"taxonomy":"post_tag","embeddable":true,"href":"https:\/\/museksschoulhesper.lu\/fr\/wp-json\/wp\/v2\/tags?post=7901"}],"curies":[{"name":"wp","href":"https:\/\/api.w.org\/{rel}","templated":true}]}}